{"id":855,"date":"2014-11-24T21:07:48","date_gmt":"2014-11-24T23:07:48","guid":{"rendered":"http:\/\/webdease2023.intranet.ciasc.gov.br\/2014\/11\/24\/deap-e-prefeitura-de-florianopolis-irao-estabelecer-parcerias\/"},"modified":"2023-07-13T17:53:10","modified_gmt":"2023-07-13T20:53:10","slug":"deap-e-prefeitura-de-florianopolis-irao-estabelecer-parcerias","status":"publish","type":"post","link":"https:\/\/sap.sc.gov.br\/en\/deap-e-prefeitura-de-florianopolis-irao-estabelecer-parcerias\/","title":{"rendered":"Deap e Prefeitura de Florian\u00f3polis ir\u00e3o estabelecer parcerias"},"content":{"rendered":"<p>Na manh\u00e3 desta segunda-feira, 24, o Diretor do Departamento de Administra\u00e7\u00e3o Prisional, Leandro Antonio Soares Lima, se reuniu com representantes do Instituto de Gera\u00e7\u00e3o de Oportunidades de Florian\u00f3polis (IGEOF). O encontro ocorreu na sala de Reuni\u00f5es do Deap e contou com a presen\u00e7a do Diretor da Penitenci\u00e1ria de Florian\u00f3polis, Gabriel Airton da Silveira, o Gerente de Atividades Laborais da unidade, El\u00f3i do Prado, o Superintendente do IGEOF, Everson Mendes e da Sra. Nat\u00e1lia Magali Costa, da Ger\u00eancia de Trabalho e Renda do IGEOF.<\/p>\n<p>O objetivo da reuni\u00e3o foi estreitar os la\u00e7os entre as institui\u00e7\u00f5es e iniciar o estabelecimento de parcerias como a realizada na semana passada entre a Prefeitura Municipal de Florian\u00f3polis, o Minist\u00e9rio do Trabalho e o Pres\u00eddio Feminino da Capital, com o Projeto Cozinha Solid\u00e1ria. O Deap e o IGEOF promover\u00e3o um estudo para proporcionar a gera\u00e7\u00e3o de trabalho, renda e capacita\u00e7\u00e3o profissional envolvendo os presos da capital catarinense.<\/p>\n<p>Equipes das duas institui\u00e7\u00f5es ir\u00e3o promover um interc\u00e2mbio de ideias e uma s\u00e9rie de encontros propositivos, a fim de buscar solu\u00e7\u00f5es que corroborem com as pol\u00edticas de ressocializa\u00e7\u00e3o atualmente promovidas em Santa Catarina. \u201cAs parcerias interinstitucionais s\u00e3o, de fato, um dos recursos mais preciosos que poderemos encontrar na busca de solu\u00e7\u00f5es e bons projetos para o sistema prisional catarinense. \u00c9 com grande satisfa\u00e7\u00e3o que damos mais este importante passo com um importante parceiro, como a Prefeitura de Florian\u00f3polis\u201d, declarou o Diretor do Deap, Leandro Lima.<\/p>","protected":false},"excerpt":{"rendered":"<p>Na manh\u00e3 desta segunda-feira, 24, o Diretor do Departamento de Administra\u00e7\u00e3o Prisional, Leandro Antonio Soares Lima, se reuniu com representantes do Instituto de Gera\u00e7\u00e3o de Oportunidades de Florian\u00f3polis (IGEOF). O encontro ocorreu na sala de Reuni\u00f5es do Deap e contou com a presen\u00e7a do Diretor da Penitenci\u00e1ria de Florian\u00f3polis, Gabriel Airton da Silveira, o Gerente [&hellip;]<\/p>\n","protected":false},"author":6,"featured_media":14553,"comment_status":"open","ping_status":"open","sticky":false,"template":"","format":"standard","meta":{"_monsterinsights_skip_tracking":false,"_monsterinsights_sitenote_active":false,"_monsterinsights_sitenote_note":"","_monsterinsights_sitenote_category":0,"footnotes":"","_wp_rev_ctl_limit":""},"categories":[1296],"tags":[],"publishpress_future_action":{"enabled":false,"date":"2026-05-03 12:34:39","action":"change-status","newStatus":"draft","terms":[],"taxonomy":"category"},"publishpress_future_workflow_manual_trigger":{"enabledWorkflows":[]},"_links":{"self":[{"href":"https:\/\/sap.sc.gov.br\/en\/wp-json\/wp\/v2\/posts\/855"}],"collection":[{"href":"https:\/\/sap.sc.gov.br\/en\/wp-json\/wp\/v2\/posts"}],"about":[{"href":"https:\/\/sap.sc.gov.br\/en\/wp-json\/wp\/v2\/types\/post"}],"author":[{"embeddable":true,"href":"https:\/\/sap.sc.gov.br\/en\/wp-json\/wp\/v2\/users\/6"}],"replies":[{"embeddable":true,"href":"https:\/\/sap.sc.gov.br\/en\/wp-json\/wp\/v2\/comments?post=855"}],"version-history":[{"count":0,"href":"https:\/\/sap.sc.gov.br\/en\/wp-json\/wp\/v2\/posts\/855\/revisions"}],"wp:featuredmedia":[{"embeddable":true,"href":"https:\/\/sap.sc.gov.br\/en\/wp-json\/wp\/v2\/media\/14553"}],"wp:attachment":[{"href":"https:\/\/sap.sc.gov.br\/en\/wp-json\/wp\/v2\/media?parent=855"}],"wp:term":[{"taxonomy":"category","embeddable":true,"href":"https:\/\/sap.sc.gov.br\/en\/wp-json\/wp\/v2\/categories?post=855"},{"taxonomy":"post_tag","embeddable":true,"href":"https:\/\/sap.sc.gov.br\/en\/wp-json\/wp\/v2\/tags?post=855"}],"curies":[{"name":"wp","href":"https:\/\/api.w.org\/{rel}","templated":true}]}}