{"id":883,"date":"2015-01-12T21:19:57","date_gmt":"2015-01-12T23:19:57","guid":{"rendered":"http:\/\/webdease2023.intranet.ciasc.gov.br\/2015\/01\/12\/equipe-do-complexo-penitenciario-do-vale-do-itajai-cpvi-participa-de-reuniao-com-secretario-leandro-lima\/"},"modified":"2023-07-13T17:53:14","modified_gmt":"2023-07-13T20:53:14","slug":"equipe-do-complexo-penitenciario-do-vale-do-itajai-cpvi-participa-de-reuniao-com-secretario-leandro-lima","status":"publish","type":"post","link":"https:\/\/sap.sc.gov.br\/en\/equipe-do-complexo-penitenciario-do-vale-do-itajai-cpvi-participa-de-reuniao-com-secretario-leandro-lima\/","title":{"rendered":"Equipe  do Complexo Penitenci\u00e1rio do Vale do Itaja\u00ed (CPVI) participa de reuni\u00e3o com secret\u00e1rio Leandro Lima"},"content":{"rendered":"<p><span style=\"color: #222222; font-family: Arial, sans-serif; font-size: 19px; line-height: 28px; text-align: justify;\">O Secret\u00e1rio de Estado da Justi\u00e7a e Cidadania, Leandro Ant\u00f4nio Soares Lima, recebeu na tarde dessa segunda-feira, 12, equipe de gestores do Complexo Penitenci\u00e1rio do Vale do Itaja\u00ed (CPVI). Na pauta do encontro a implanta\u00e7\u00e3o da nova ala que ir\u00e1 gerar 460 novas na penitenci\u00e1ria.<\/span><\/p>","protected":false},"excerpt":{"rendered":"<p>O Secret\u00e1rio de Estado da Justi\u00e7a e Cidadania, Leandro Ant\u00f4nio Soares Lima, recebeu na tarde dessa segunda-feira, 12, equipe de gestores do Complexo Penitenci\u00e1rio do Vale do Itaja\u00ed (CPVI). Na pauta do encontro a implanta\u00e7\u00e3o da nova ala que ir\u00e1 gerar 460 novas na penitenci\u00e1ria.<\/p>","protected":false},"author":6,"featured_media":14581,"comment_status":"open","ping_status":"open","sticky":false,"template":"","format":"standard","meta":{"_monsterinsights_skip_tracking":false,"_monsterinsights_sitenote_active":false,"_monsterinsights_sitenote_note":"","_monsterinsights_sitenote_category":0,"footnotes":"","_wp_rev_ctl_limit":""},"categories":[1296],"tags":[],"publishpress_future_action":{"enabled":false,"date":"2026-05-03 13:08:15","action":"change-status","newStatus":"draft","terms":[],"taxonomy":"category"},"publishpress_future_workflow_manual_trigger":{"enabledWorkflows":[]},"_links":{"self":[{"href":"https:\/\/sap.sc.gov.br\/en\/wp-json\/wp\/v2\/posts\/883"}],"collection":[{"href":"https:\/\/sap.sc.gov.br\/en\/wp-json\/wp\/v2\/posts"}],"about":[{"href":"https:\/\/sap.sc.gov.br\/en\/wp-json\/wp\/v2\/types\/post"}],"author":[{"embeddable":true,"href":"https:\/\/sap.sc.gov.br\/en\/wp-json\/wp\/v2\/users\/6"}],"replies":[{"embeddable":true,"href":"https:\/\/sap.sc.gov.br\/en\/wp-json\/wp\/v2\/comments?post=883"}],"version-history":[{"count":0,"href":"https:\/\/sap.sc.gov.br\/en\/wp-json\/wp\/v2\/posts\/883\/revisions"}],"wp:featuredmedia":[{"embeddable":true,"href":"https:\/\/sap.sc.gov.br\/en\/wp-json\/wp\/v2\/media\/14581"}],"wp:attachment":[{"href":"https:\/\/sap.sc.gov.br\/en\/wp-json\/wp\/v2\/media?parent=883"}],"wp:term":[{"taxonomy":"category","embeddable":true,"href":"https:\/\/sap.sc.gov.br\/en\/wp-json\/wp\/v2\/categories?post=883"},{"taxonomy":"post_tag","embeddable":true,"href":"https:\/\/sap.sc.gov.br\/en\/wp-json\/wp\/v2\/tags?post=883"}],"curies":[{"name":"wp","href":"https:\/\/api.w.org\/{rel}","templated":true}]}}