{"id":980,"date":"2016-09-28T21:06:59","date_gmt":"2016-09-29T00:06:59","guid":{"rendered":"http:\/\/webdease2023.intranet.ciasc.gov.br\/2016\/09\/28\/agentes-se-formam-em-capacitacao-avancada-de-tecnicas-operacionais-penitenciarias\/"},"modified":"2023-07-13T17:53:40","modified_gmt":"2023-07-13T20:53:40","slug":"agentes-se-formam-em-capacitacao-avancada-de-tecnicas-operacionais-penitenciarias","status":"publish","type":"post","link":"https:\/\/sap.sc.gov.br\/en\/agentes-se-formam-em-capacitacao-avancada-de-tecnicas-operacionais-penitenciarias\/","title":{"rendered":"Agentes se formam em capacita\u00e7\u00e3o avan\u00e7ada de T\u00e9cnicas Operacionais Penitenci\u00e1rias"},"content":{"rendered":"<p style=\"text-align: justify;\">A Secret\u00e1ria de Estado da Justi\u00e7a e Cidadania, Ada Faraco de Luca, participou na manh\u00e3 desta quarta-feira, 28, da formatura de 28 alunos do Curso de T\u00e9cnicas Operacionais Penitenci\u00e1rias (TOP) realizada na Penitenci\u00e1ria Sul, em Crici\u00fama.<\/p>\n<p style=\"text-align: justify;\">\u201cEstamos colhendo os primeiros frutos de um investimento a m\u00e9dio e longo prazo em treinamento e capacita\u00e7\u00e3o, uma de nossas prioridades \u00e0 frente do sistema prisional. Esta formatura \u00e9 uma grande conquista. Uma turma de agentes com especializa\u00e7\u00e3o em t\u00e9cnicas operacionais certamente ter\u00e3o um diferencial e poder\u00e3o aplicar os conhecimentos nas a\u00e7\u00f5es pr\u00e1ticas do dia a dia da gest\u00e3o prisional\u201d, destacou a secret\u00e1ria Ada De Luca.<\/p>\n<p style=\"text-align: justify;\">O curso, iniciado no dia 12 de setembro, foi desenvolvido pela Acadejuc (Academia de Justi\u00e7a e Cidadania) como uma capacita\u00e7\u00e3o avan\u00e7ada para agentes penitenci\u00e1rios visando mais preparo t\u00e9cnico, psicol\u00f3gico e especializado para atua\u00e7\u00e3o em interven\u00e7\u00f5es e escoltas penitenci\u00e1rias.<\/p>\n<p style=\"text-align: justify;\">\n<p style=\"text-align: justify;\">Falando em nome dos formandos, o agente penitenci\u00e1rio Luiz Geraldo Geli, descreveu a import\u00e2ncia de participar de um curso deste porte. \u201cForam dias de muito treinamento e muito importante para todos. N\u00e3o estamos saindo daqui somente melhores t\u00e9cnicos penitenci\u00e1rios, mas melhores seres humanos e melhores servidores\u201d, enfatizou em seu discurso.<\/p>\n<p style=\"text-align: justify;\">Al\u00e9m da secret\u00e1ria Ada De Luca, participaram da solenidade o secret\u00e1rio adjunto, Leandro Ant\u00f4nio Soares Lima, o diretor do Departamento de Administra\u00e7\u00e3o Prisional (Deap), Deiveison Querino Batista, e a diretora da Penitenci\u00e1ria Sul, Maira de Aguiar Montegutti.<\/p>","protected":false},"excerpt":{"rendered":"<p>A Secret\u00e1ria de Estado da Justi\u00e7a e Cidadania, Ada Faraco de Luca, participou na manh\u00e3 desta quarta-feira, 28, da formatura de 28 alunos do Curso de T\u00e9cnicas Operacionais Penitenci\u00e1rias (TOP) realizada na Penitenci\u00e1ria Sul, em Crici\u00fama. \u201cEstamos colhendo os primeiros frutos de um investimento a m\u00e9dio e longo prazo em treinamento e capacita\u00e7\u00e3o, uma de [&hellip;]<\/p>\n","protected":false},"author":6,"featured_media":14677,"comment_status":"open","ping_status":"open","sticky":false,"template":"","format":"standard","meta":{"_monsterinsights_skip_tracking":false,"_monsterinsights_sitenote_active":false,"_monsterinsights_sitenote_note":"","_monsterinsights_sitenote_category":0,"footnotes":"","_wp_rev_ctl_limit":""},"categories":[1296],"tags":[],"publishpress_future_action":{"enabled":false,"date":"2026-05-03 13:51:33","action":"change-status","newStatus":"draft","terms":[],"taxonomy":"category"},"publishpress_future_workflow_manual_trigger":{"enabledWorkflows":[]},"_links":{"self":[{"href":"https:\/\/sap.sc.gov.br\/en\/wp-json\/wp\/v2\/posts\/980"}],"collection":[{"href":"https:\/\/sap.sc.gov.br\/en\/wp-json\/wp\/v2\/posts"}],"about":[{"href":"https:\/\/sap.sc.gov.br\/en\/wp-json\/wp\/v2\/types\/post"}],"author":[{"embeddable":true,"href":"https:\/\/sap.sc.gov.br\/en\/wp-json\/wp\/v2\/users\/6"}],"replies":[{"embeddable":true,"href":"https:\/\/sap.sc.gov.br\/en\/wp-json\/wp\/v2\/comments?post=980"}],"version-history":[{"count":0,"href":"https:\/\/sap.sc.gov.br\/en\/wp-json\/wp\/v2\/posts\/980\/revisions"}],"wp:featuredmedia":[{"embeddable":true,"href":"https:\/\/sap.sc.gov.br\/en\/wp-json\/wp\/v2\/media\/14677"}],"wp:attachment":[{"href":"https:\/\/sap.sc.gov.br\/en\/wp-json\/wp\/v2\/media?parent=980"}],"wp:term":[{"taxonomy":"category","embeddable":true,"href":"https:\/\/sap.sc.gov.br\/en\/wp-json\/wp\/v2\/categories?post=980"},{"taxonomy":"post_tag","embeddable":true,"href":"https:\/\/sap.sc.gov.br\/en\/wp-json\/wp\/v2\/tags?post=980"}],"curies":[{"name":"wp","href":"https:\/\/api.w.org\/{rel}","templated":true}]}}